{"id":958,"date":"2020-03-01T17:50:16","date_gmt":"2020-03-01T16:50:16","guid":{"rendered":"https:\/\/wp2020.restaurant-sueder.ch\/?p=958"},"modified":"2020-03-01T17:50:16","modified_gmt":"2020-03-01T16:50:16","slug":"10-jahre-sueder","status":"publish","type":"post","link":"https:\/\/www.restaurant-sueder.ch\/en\/10-jahre-sueder\/","title":{"rendered":"10 Jahre S\u00fcder"},"content":{"rendered":"<p>Diesen M\u00e4rz sind es 10 Jahre her, dass wir den S\u00fcder \u00fcbernommen haben. Wir blicken auf ein erlebnisreiches und tolles Jahrzehnt zur\u00fcck und bedanken uns ganz herzlich bei unserem Team, unseren Partnern und vor allem bei unseren G\u00e4sten. Ihr alle habt dazu beigetragen, dass der S\u00fcder zu einem besonderen Genuss- und Begegnungsort wurde.<\/p>\n<p>Danke!<\/p>\n<p>Herzlich, Renate Fankhauser &amp; Martin Moser.<\/p>\n","protected":false},"excerpt":{"rendered":"<p>Diesen M\u00e4rz sind es 10 Jahre her, dass wir den S\u00fcder \u00fcbernommen haben. Wir blicken auf ein erlebnisreiches und tolles Jahrzehnt zur\u00fcck und bedanken uns ganz herzlich bei unserem Team, unseren Partnern und vor allem bei unseren G\u00e4sten. Ihr alle habt dazu beigetragen, dass der S\u00fcder zu einem besonderen Genuss- und Begegnungsort wurde. Danke! Herzlich, [&hellip;]<\/p>\n","protected":false},"author":1,"featured_media":959,"comment_status":"closed","ping_status":"closed","sticky":false,"template":"","format":"standard","meta":{"_acf_changed":false,"footnotes":""},"categories":[5],"tags":[],"class_list":["post-958","post","type-post","status-publish","format-standard","has-post-thumbnail","hentry","category-news"],"acf":[],"_links":{"self":[{"href":"https:\/\/www.restaurant-sueder.ch\/en\/wp-json\/wp\/v2\/posts\/958","targetHints":{"allow":["GET"]}}],"collection":[{"href":"https:\/\/www.restaurant-sueder.ch\/en\/wp-json\/wp\/v2\/posts"}],"about":[{"href":"https:\/\/www.restaurant-sueder.ch\/en\/wp-json\/wp\/v2\/types\/post"}],"author":[{"embeddable":true,"href":"https:\/\/www.restaurant-sueder.ch\/en\/wp-json\/wp\/v2\/users\/1"}],"replies":[{"embeddable":true,"href":"https:\/\/www.restaurant-sueder.ch\/en\/wp-json\/wp\/v2\/comments?post=958"}],"version-history":[{"count":1,"href":"https:\/\/www.restaurant-sueder.ch\/en\/wp-json\/wp\/v2\/posts\/958\/revisions"}],"predecessor-version":[{"id":961,"href":"https:\/\/www.restaurant-sueder.ch\/en\/wp-json\/wp\/v2\/posts\/958\/revisions\/961"}],"wp:featuredmedia":[{"embeddable":true,"href":"https:\/\/www.restaurant-sueder.ch\/en\/wp-json\/wp\/v2\/media\/959"}],"wp:attachment":[{"href":"https:\/\/www.restaurant-sueder.ch\/en\/wp-json\/wp\/v2\/media?parent=958"}],"wp:term":[{"taxonomy":"category","embeddable":true,"href":"https:\/\/www.restaurant-sueder.ch\/en\/wp-json\/wp\/v2\/categories?post=958"},{"taxonomy":"post_tag","embeddable":true,"href":"https:\/\/www.restaurant-sueder.ch\/en\/wp-json\/wp\/v2\/tags?post=958"}],"curies":[{"name":"wp","href":"https:\/\/api.w.org\/{rel}","templated":true}]}}