{"id":674,"date":"2018-04-08T14:59:27","date_gmt":"2018-04-08T12:59:27","guid":{"rendered":"https:\/\/wp2020.restaurant-sueder.ch\/gruene-oder-weisse-spargeln\/"},"modified":"2018-04-10T15:03:52","modified_gmt":"2018-04-10T13:03:52","slug":"gruene-oder-weisse-spargeln","status":"publish","type":"post","link":"https:\/\/www.restaurant-sueder.ch\/en\/gruene-oder-weisse-spargeln\/","title":{"rendered":"Gr\u00fcne\u00a0oder weisse\u00a0Spargeln?\u00a0"},"content":{"rendered":"<p>Ob gebraten, frittiert, gekocht, roh oder in Folie gebacken: die Spargel ist im Fr\u00fchjahr der beliebteste Gast auf unseren Tellern. Kein Wunder: Ihr feiner und pr\u00e4gnanter Geschmack lassen sie wunderbar mit vielen anderen K\u00f6stlichkeiten kombinieren und so aussergew\u00f6hnliche Gerichte schaffen. Wir zeigen Ihnen, was gr\u00fcne und weisse Spargeln unterscheidet und wo welche Sorte auf den Tisch kommt.<\/p>\n<h2>K(eine) Sonnenfreundin<\/h2>\n<p>Bereits beim Anbau gehen weisse und gr\u00fcne Spargeln unterschiedliche Wege. W\u00e4hrend die weisse Spargel sofort gestochen wird, sobald sie ihr K\u00f6pfchen aus der Erde streckt, spriesst die gr\u00fcne Spargel auch in der Sonne weiter. Das erkl\u00e4rt den Farbunterschied der beiden Sorten: Durch das Licht bildet die gr\u00fcne Spargel den Blattfarbstoff Chlorophyll, der ihr die Farbe verleiht.<\/p>\n<h2>So bestimmen Kenner die Qualit\u00e4t von Spargeln<\/h2>\n<p>Einmal die frische Spargel in der Hand, erkennen Profis echte Qualit\u00e4tsstangen: Gute Spargeln haben feste und geschlossene K\u00f6pfe, die auf geraden Stangen sitzen. Das geschulte Auge greift dann zus\u00e4tzlich noch zum Praxistest: Reibt man die Stangen aneinander, quietscht eine gute Spargel. D\u00fcnne, krumme Stangen mit grauen Stellen sortiert die Fachperson aus.<\/p>\n<h2>Und welche Spargel ist ges\u00fcnder?<\/h2>\n<p>Sowohl weisse als auch gr\u00fcne Spargeln bestehen zu 93 Prozent aus Wasser. Trotzdem stecken in beiden Varianten zahlreiche Vitamine wie Vitamin A, C und E. Gr\u00fcne Spargeln gelten als die etwas Ges\u00fcnderen, da hier mehr Vitamin B und C enthalten sind. Beide Sorten sind aber kalorienarm und fettfrei.<\/p>\n<h2>Gr\u00fcn oder weiss \u2013 eine Frage des Geschmacks<\/h2>\n<p>Die Wahl der richtigen Stange h\u00e4ngt auch vom eigenen Geschmack ab. Die gr\u00fcne Spargel ist etwas kr\u00e4ftiger und herzhafter als die bleiche Sorte. In S\u00fcdeuropa und den USA kommt daher fast ausschliesslich die gr\u00fcne Variante auf den Tisch. Auch in der Schweiz finden Gourmets mehr gr\u00fcne Spargeln auf den Speisekarten, w\u00e4hrend unsere Nachbarn in Deutschland und Frankreich die weissen Stangen bevorzugen.<\/p>\n","protected":false},"excerpt":{"rendered":"<p>Ob gebraten, frittiert, gekocht, roh oder in Folie gebacken: die Spargel ist im Fr\u00fchjahr der beliebteste Gast auf unseren Tellern. Kein Wunder: Ihr feiner und pr\u00e4gnanter Geschmack lassen sie wunderbar mit vielen anderen K\u00f6stlichkeiten kombinieren und so aussergew\u00f6hnliche Gerichte schaffen. Wir zeigen Ihnen, was gr\u00fcne und weisse Spargeln unterscheidet und wo welche Sorte auf den [&hellip;]<\/p>\n","protected":false},"author":1,"featured_media":0,"comment_status":"closed","ping_status":"closed","sticky":false,"template":"","format":"standard","meta":{"_acf_changed":false,"footnotes":""},"categories":[14],"tags":[],"class_list":["post-674","post","type-post","status-publish","format-standard","hentry","category-news-en"],"acf":[],"_links":{"self":[{"href":"https:\/\/www.restaurant-sueder.ch\/en\/wp-json\/wp\/v2\/posts\/674","targetHints":{"allow":["GET"]}}],"collection":[{"href":"https:\/\/www.restaurant-sueder.ch\/en\/wp-json\/wp\/v2\/posts"}],"about":[{"href":"https:\/\/www.restaurant-sueder.ch\/en\/wp-json\/wp\/v2\/types\/post"}],"author":[{"embeddable":true,"href":"https:\/\/www.restaurant-sueder.ch\/en\/wp-json\/wp\/v2\/users\/1"}],"replies":[{"embeddable":true,"href":"https:\/\/www.restaurant-sueder.ch\/en\/wp-json\/wp\/v2\/comments?post=674"}],"version-history":[{"count":2,"href":"https:\/\/www.restaurant-sueder.ch\/en\/wp-json\/wp\/v2\/posts\/674\/revisions"}],"predecessor-version":[{"id":677,"href":"https:\/\/www.restaurant-sueder.ch\/en\/wp-json\/wp\/v2\/posts\/674\/revisions\/677"}],"wp:attachment":[{"href":"https:\/\/www.restaurant-sueder.ch\/en\/wp-json\/wp\/v2\/media?parent=674"}],"wp:term":[{"taxonomy":"category","embeddable":true,"href":"https:\/\/www.restaurant-sueder.ch\/en\/wp-json\/wp\/v2\/categories?post=674"},{"taxonomy":"post_tag","embeddable":true,"href":"https:\/\/www.restaurant-sueder.ch\/en\/wp-json\/wp\/v2\/tags?post=674"}],"curies":[{"name":"wp","href":"https:\/\/api.w.org\/{rel}","templated":true}]}}